{"id":819,"date":"2023-05-02T14:50:11","date_gmt":"2023-05-02T14:50:11","guid":{"rendered":"https:\/\/dragons.com.ar\/index.php\/2023\/05\/02\/12-declaracion-de-alma-ata\/"},"modified":"2023-05-02T14:50:11","modified_gmt":"2023-05-02T14:50:11","slug":"12-declaracion-de-alma-ata","status":"publish","type":"post","link":"https:\/\/dragons.com.ar\/index.php\/2023\/05\/02\/12-declaracion-de-alma-ata\/","title":{"rendered":"12 Declaraci\u00f3n de Alma-Ata"},"content":{"rendered":"<p>El 12 de septiembre de 1978 tuvo lugar en Alma-Ata, rep\u00fablica de Kazajist\u00e1n, la Conferencia Internacional sobre Atenci\u00f3n Primaria de la Salud, patrocinada conjuntamente por la Organizaci\u00f3n Mundial de la Salud, OMS, y el Fondo de la Naciones Unidas para la Infancia, UNICEF. All\u00ed los representantes de 134 naciones aprobaron una trascendente declaraci\u00f3n en la que se insta a todos los gobiernos, a los agentes de salud y de desarrollo y a la comunidad mundial a que adopten medidas urgentes para promover y proteger la salud de todos los ciudadanos y sostiene que es posible lograrlo mediante sencillos m\u00e9todos de prevenci\u00f3n, tal como la aplicaci\u00f3n de la estrategia de atenci\u00f3n primaria de la salud, APS.<\/p>\n","protected":false},"excerpt":{"rendered":"<p>El 12 de septiembre de 1978 tuvo lugar en Alma-Ata, rep\u00fablica de Kazajist\u00e1n, la Conferencia Internacional sobre Atenci\u00f3n Primaria de<\/p>\n","protected":false},"author":1,"featured_media":0,"comment_status":"open","ping_status":"open","sticky":false,"template":"","format":"standard","meta":{"content-type":"","_exactmetrics_skip_tracking":false,"_exactmetrics_sitenote_active":false,"_exactmetrics_sitenote_note":"","_exactmetrics_sitenote_category":0,"_joinchat":[],"footnotes":""},"categories":[22],"tags":[],"class_list":["post-819","post","type-post","status-publish","format-standard","hentry","category-efemerides"],"_links":{"self":[{"href":"https:\/\/dragons.com.ar\/index.php\/wp-json\/wp\/v2\/posts\/819","targetHints":{"allow":["GET"]}}],"collection":[{"href":"https:\/\/dragons.com.ar\/index.php\/wp-json\/wp\/v2\/posts"}],"about":[{"href":"https:\/\/dragons.com.ar\/index.php\/wp-json\/wp\/v2\/types\/post"}],"author":[{"embeddable":true,"href":"https:\/\/dragons.com.ar\/index.php\/wp-json\/wp\/v2\/users\/1"}],"replies":[{"embeddable":true,"href":"https:\/\/dragons.com.ar\/index.php\/wp-json\/wp\/v2\/comments?post=819"}],"version-history":[{"count":0,"href":"https:\/\/dragons.com.ar\/index.php\/wp-json\/wp\/v2\/posts\/819\/revisions"}],"wp:attachment":[{"href":"https:\/\/dragons.com.ar\/index.php\/wp-json\/wp\/v2\/media?parent=819"}],"wp:term":[{"taxonomy":"category","embeddable":true,"href":"https:\/\/dragons.com.ar\/index.php\/wp-json\/wp\/v2\/categories?post=819"},{"taxonomy":"post_tag","embeddable":true,"href":"https:\/\/dragons.com.ar\/index.php\/wp-json\/wp\/v2\/tags?post=819"}],"curies":[{"name":"wp","href":"https:\/\/api.w.org\/{rel}","templated":true}]}}