{"id":832,"date":"2023-05-02T14:50:12","date_gmt":"2023-05-02T14:50:12","guid":{"rendered":"https:\/\/dragons.com.ar\/index.php\/2023\/05\/02\/16-dia-mundial-de-la-alimentacion\/"},"modified":"2023-05-02T14:50:12","modified_gmt":"2023-05-02T14:50:12","slug":"16-dia-mundial-de-la-alimentacion","status":"publish","type":"post","link":"https:\/\/dragons.com.ar\/index.php\/2023\/05\/02\/16-dia-mundial-de-la-alimentacion\/","title":{"rendered":"16 D\u00eda Mundial de la Alimentaci\u00f3n"},"content":{"rendered":"<p>Proclamado en 1979 por la Conferencia de la Organizaci\u00f3n de las Naciones Unidas para la Agricultura y la Alimentaci\u00f3n (FAO) con la finalidad de concientizar a las poblaciones sobre el problema alimentario mundial y fortalecer la solidaridad en la lucha contra el hambre, la desnutrici\u00f3n y la pobreza, considerando que la alimentaci\u00f3n es un requisito fundamental para la supervivencia y el bienestar de la humanidad y una necesidad humana fundamental. Coincide la fecha con la de fundaci\u00f3n de la FAO en 1945.<\/p>\n","protected":false},"excerpt":{"rendered":"<p>Proclamado en 1979 por la Conferencia de la Organizaci\u00f3n de las Naciones Unidas para la Agricultura y la Alimentaci\u00f3n (FAO)<\/p>\n","protected":false},"author":1,"featured_media":0,"comment_status":"open","ping_status":"open","sticky":false,"template":"","format":"standard","meta":{"content-type":"","_exactmetrics_skip_tracking":false,"_exactmetrics_sitenote_active":false,"_exactmetrics_sitenote_note":"","_exactmetrics_sitenote_category":0,"_joinchat":[],"footnotes":""},"categories":[22],"tags":[],"class_list":["post-832","post","type-post","status-publish","format-standard","hentry","category-efemerides"],"_links":{"self":[{"href":"https:\/\/dragons.com.ar\/index.php\/wp-json\/wp\/v2\/posts\/832","targetHints":{"allow":["GET"]}}],"collection":[{"href":"https:\/\/dragons.com.ar\/index.php\/wp-json\/wp\/v2\/posts"}],"about":[{"href":"https:\/\/dragons.com.ar\/index.php\/wp-json\/wp\/v2\/types\/post"}],"author":[{"embeddable":true,"href":"https:\/\/dragons.com.ar\/index.php\/wp-json\/wp\/v2\/users\/1"}],"replies":[{"embeddable":true,"href":"https:\/\/dragons.com.ar\/index.php\/wp-json\/wp\/v2\/comments?post=832"}],"version-history":[{"count":0,"href":"https:\/\/dragons.com.ar\/index.php\/wp-json\/wp\/v2\/posts\/832\/revisions"}],"wp:attachment":[{"href":"https:\/\/dragons.com.ar\/index.php\/wp-json\/wp\/v2\/media?parent=832"}],"wp:term":[{"taxonomy":"category","embeddable":true,"href":"https:\/\/dragons.com.ar\/index.php\/wp-json\/wp\/v2\/categories?post=832"},{"taxonomy":"post_tag","embeddable":true,"href":"https:\/\/dragons.com.ar\/index.php\/wp-json\/wp\/v2\/tags?post=832"}],"curies":[{"name":"wp","href":"https:\/\/api.w.org\/{rel}","templated":true}]}}